{"id":1428,"date":"2019-12-05T13:49:18","date_gmt":"2019-12-05T11:49:18","guid":{"rendered":"http:\/\/www.glossa.fi\/wp\/?p=1428"},"modified":"2020-01-30T13:59:52","modified_gmt":"2020-01-30T11:59:52","slug":"mukana-uudistamassa-kansallismuseon-keskiaikanayttelya","status":"publish","type":"post","link":"https:\/\/www.glossa.fi\/wp\/?p=1428","title":{"rendered":"Mukana uudistamassa Kansallismuseon keskiaikan\u00e4yttely\u00e4"},"content":{"rendered":"\n<p>Karoliina\nRauhio-Pokka<\/p>\n\n\n\n<p>Suomen kansallismuseon perusn\u00e4yttely\u00e4 uudistetaan parhaillaan. N\u00e4yttelyss\u00e4 esitell\u00e4\u00e4n Suomeen historiaa aina kivikaudesta nykyp\u00e4iv\u00e4\u00e4n saakka. Allekirjoittanut p\u00e4\u00e4si suunnittelemaan keskiaikan\u00e4yttely\u00e4 yhdess\u00e4 muiden opiskelijoiden ja museon henkil\u00f6kunnan kanssa, kun osallistuin syksyll\u00e4 2019 professori Tuomas Heikkil\u00e4n vet\u00e4m\u00e4lle kirkkohistorian kurssille. <\/p>\n\n\n\n<div class=\"wp-block-image\"><figure class=\"alignleft is-resized\"><img loading=\"lazy\" src=\"http:\/\/www.glossa.fi\/wp\/wp-content\/uploads\/2019\/12\/20180525_155654-492x1024.jpg\" alt=\"\" class=\"wp-image-1434\" width=\"183\" height=\"381\" srcset=\"https:\/\/www.glossa.fi\/wp\/wp-content\/uploads\/2019\/12\/20180525_155654-492x1024.jpg 492w, https:\/\/www.glossa.fi\/wp\/wp-content\/uploads\/2019\/12\/20180525_155654-144x300.jpg 144w, https:\/\/www.glossa.fi\/wp\/wp-content\/uploads\/2019\/12\/20180525_155654-768x1597.jpg 768w, https:\/\/www.glossa.fi\/wp\/wp-content\/uploads\/2019\/12\/20180525_155654.jpg 1231w\" sizes=\"(max-width: 183px) 100vw, 183px\" \/><figcaption>Vanhassa n\u00e4yttelyss\u00e4 pyhimyspatsaat seisoivat riveiss\u00e4 h\u00e4m\u00e4r\u00e4ss\u00e4 salissa. Kuvassa Pyh\u00e4n Henrikin patsas. (Kuva: Anita Geritz)<\/figcaption><\/figure><\/div>\n\n\n\n<p>Keskiaikan\u00e4yttelyn nuorennusleikkaus tulee todella tarpeeseen. Jos olet vieraillut Kansallismuseossa, muistat ehk\u00e4, miten kirkko- ja pyhimysvoittoinen n\u00e4yttely oli. H\u00e4m\u00e4r\u00e4ss\u00e4 kirkkosalissa tapittavat kymmenten pyhimysveistosten silm\u00e4t eiv\u00e4t tehneet aikakaudesta ainakaan helpommin l\u00e4hestytt\u00e4v\u00e4mp\u00e4\u00e4 nykyihmiselle \u2013 eik\u00e4 se suinkaan johtunut pyhimysveistoksista vaan niiden esillepanotavasta. Lis\u00e4ksi n\u00e4yttelytilan h\u00e4m\u00e4r\u00e4 valaistus vahvisti entisest\u00e4\u00e4n museok\u00e4vij\u00e4n ennakkoluuloja pime\u00e4st\u00e4 keskiajasta. <\/p>\n\n\n\n<p>Mutta miten\nn\u00e4yttely\u00e4 pit\u00e4isi sitten uudistaa? Mit\u00e4 museok\u00e4vij\u00e4n pit\u00e4isi tiet\u00e4\u00e4\nkeskiajasta, ja miten siit\u00e4 tulisi h\u00e4nelle kertoa? Parisenkymment\u00e4 opiskelijaa\nl\u00f6i viisaat p\u00e4\u00e4ns\u00e4 yhteen <em>Kristinusko\nkeskiajalla: Kansallismuseon perusn\u00e4yttelyn uudelleenideointi<\/em> -kurssilla\nl\u00f6yt\u00e4\u00e4kseen vastaukset edell\u00e4 mainittuihin kysymyksiin. <\/p>\n\n\n\n<p>Ensimm\u00e4isell\u00e4\nluentokerralla pohdimme museon\u00e4yttelyn rakentamisen periaatteita: erilaisten\nk\u00e4vij\u00e4ryhmien huomioimista ja objektiivisuuden ihannetta. Tulisiko n\u00e4yttelyn\nn\u00e4k\u00f6kulmien nousta t\u00e4m\u00e4n vuosikymmenen polttavista kysymyksist\u00e4, kuten\nilmastonmuutoksesta ja v\u00e4hemmist\u00f6jen oikeuksista, vai pit\u00e4isik\u00f6 n\u00e4yttelyn olla\nsiin\u00e4 mieless\u00e4 ajaton, ett\u00e4 se on p\u00e4tev\u00e4 viel\u00e4 parinkymmenen vuoden kuluttua? Onko\nt\u00e4ysin objektiivinen historiankuvaus edes mahdollista? Kriittisten pohdintojen\nsiivitt\u00e4m\u00e4n\u00e4 oli hyv\u00e4 aloittaa n\u00e4yttelyn ideoiminen. <\/p>\n\n\n\n<p>Seuraavilla luennoilla k\u00e4vimme tutustumassa vanhaan keskiaikan\u00e4yttelyyn Kansallismuseossa. Lis\u00e4ksi osallistuimme museon j\u00e4rjest\u00e4m\u00e4\u00e4n ty\u00f6pajaan, jossa p\u00e4\u00e4simme ryhmiss\u00e4 ideoimaan n\u00e4yttely\u00e4. N\u00e4iss\u00e4 ryhmiss\u00e4 teimme my\u00f6hemmin my\u00f6s ryhm\u00e4ty\u00f6t, jotka arvioitiin viimeisell\u00e4 luentokerralla.<\/p>\n\n\n\n<p>Suunnittelimme ryhmiss\u00e4 keskiaikan\u00e4yttelyn, ja kokosimme ideat suurelle julisteelle. Ryhm\u00e4ty\u00f6 oli yksi parhaista yliopistohistoriani aikana, sill\u00e4 teht\u00e4v\u00e4ss\u00e4 p\u00e4\u00e4sin hy\u00f6dynt\u00e4m\u00e4\u00e4n osaamistani luovalla ja k\u00e4yt\u00e4nn\u00f6llisell\u00e4 tavalla. Yhdess\u00e4 ideoiminen oli innostavaa, ja teht\u00e4vien jako sujui mutkattomasti.<\/p>\n\n\n\n<div class=\"wp-block-image\"><figure class=\"alignright is-resized\"><img loading=\"lazy\" src=\"http:\/\/www.glossa.fi\/wp\/wp-content\/uploads\/2019\/12\/Kurssi-Tuomas-Heikkil-e1575535940452-1024x768.jpg\" alt=\"\" class=\"wp-image-1429\" width=\"385\" height=\"289\"\/><figcaption>Juhani Kostetin (toinen vas.) johtama palkintoraati arvioi kurssin ryhm\u00e4ty\u00f6t. (Kuva: Tuomas Heikkil\u00e4)<\/figcaption><\/figure><\/div>\n\n\n\n<p>Viimeisell\u00e4\nluentokerralla ryhm\u00e4t esitteliv\u00e4t ty\u00f6ns\u00e4 tuomaristolle, jonka puheenjohtajana\noli Museoviraston p\u00e4\u00e4johtaja Juhani Kostet. Korkea-arvoisa palkintoraati ei\nsaanut ryhmi\u00e4 hermoilemaan, vaan kukin esitteli ty\u00f6ns\u00e4 varmoin ottein. Ideoista\nl\u00f6ytyi niin yht\u00e4l\u00e4isyyksi\u00e4 kuin eroja.<\/p>\n\n\n\n<p>Yht\u00e4l\u00e4isyyksi\u00e4 olivat ainakin virtuaalitodellisuuden ja digitaalisuuden runsas hy\u00f6dynt\u00e4minen. Virtuaalilasien avulla museok\u00e4vij\u00e4 p\u00e4\u00e4sisi tutustumaan keskiaikaiseen kotiin tai jumalanpalvelukseen. Ryhm\u00e4t korostivat my\u00f6s monipuolisuutta kirkko- ja pyhimyskeskeisen n\u00e4yttelyn sijaan. Etenkin tavallisen ihmisen el\u00e4m\u00e4 nousi keski\u00f6\u00f6n. Toisaalta vanhaa n\u00e4yttely\u00e4 haluttiin my\u00f6s s\u00e4ilytt\u00e4\u00e4, esimerkiksi Pyh\u00e4n Henrikin sarkofagi l\u00f6ytyi useimpien ryhmien ideoista. <\/p>\n\n\n\n<p>Ryhmilt\u00e4 l\u00f6ytyi\npaljon persoonallisia ideoita: pyhimyskaruselli, musiikkinurkka, hajuel\u00e4mys,\nsuojeluspyhimystesti, noppapeli, n\u00e4yttelyn rakentaminen tarinamuotoon jne.\nTasav\u00e4kisess\u00e4 kilpailussa lopulta voiton vei ryhm\u00e4, jonka kantavana teemana n\u00e4yttelyn\nkokoamisessa oli keskiaikaisen ihmisen el\u00e4m\u00e4nkaari el\u00e4m\u00e4st\u00e4 kuolemastaan. Aika\nn\u00e4ytt\u00e4\u00e4, kuinka moni ideoista lopulta p\u00e4\u00e4tyy uudistettuun keskiaikan\u00e4yttelyyn.<\/p>\n\n\n\n<p>Kurssi oli minulle mieluinen kokemus. Oli ilo p\u00e4\u00e4st\u00e4 hy\u00f6dynt\u00e4m\u00e4\u00e4n omaa osaamistaan k\u00e4yt\u00e4nn\u00f6ss\u00e4. Yliopisto voisi tehd\u00e4 enemm\u00e4nkin yhteisty\u00f6t\u00e4 eri toimijoiden, kuten esimerkiksi Museoviraston, kanssa. Hy\u00f6ty olisi varmasti molemminpuolinen!<\/p>\n\n\n\n<p style=\"text-align:center\">* * *<\/p>\n\n\n\n<p><em>Karoliina Rauhio-Pokka on vapaa toimittaja ja teologian opiskelija Helsingin yliopistossa. <\/em> <\/p>\n","protected":false},"excerpt":{"rendered":"<p>Karoliina Rauhio-Pokka Suomen kansallismuseon perusn\u00e4yttely\u00e4 uudistetaan parhaillaan. N\u00e4yttelyss\u00e4 esitell\u00e4\u00e4n Suomeen historiaa aina kivikaudesta nykyp\u00e4iv\u00e4\u00e4n saakka. Allekirjoittanut p\u00e4\u00e4si suunnittelemaan keskiaikan\u00e4yttely\u00e4 yhdess\u00e4 muiden opiskelijoiden ja museon henkil\u00f6kunnan kanssa, kun osallistuin syksyll\u00e4 2019 professori Tuomas Heikkil\u00e4n vet\u00e4m\u00e4lle kirkkohistorian kurssille. Keskiaikan\u00e4yttelyn nuorennusleikkaus tulee todella tarpeeseen. Jos olet vieraillut Kansallismuseossa, muistat ehk\u00e4, miten kirkko- ja pyhimysvoittoinen n\u00e4yttely oli. H\u00e4m\u00e4r\u00e4ss\u00e4 kirkkosalissa [&hellip;]<\/p>\n","protected":false},"author":1,"featured_media":0,"comment_status":"closed","ping_status":"closed","sticky":false,"template":"","format":"standard","meta":[],"categories":[25],"tags":[91,90,92,94,93,47],"_links":{"self":[{"href":"https:\/\/www.glossa.fi\/wp\/index.php?rest_route=\/wp\/v2\/posts\/1428"}],"collection":[{"href":"https:\/\/www.glossa.fi\/wp\/index.php?rest_route=\/wp\/v2\/posts"}],"about":[{"href":"https:\/\/www.glossa.fi\/wp\/index.php?rest_route=\/wp\/v2\/types\/post"}],"author":[{"embeddable":true,"href":"https:\/\/www.glossa.fi\/wp\/index.php?rest_route=\/wp\/v2\/users\/1"}],"replies":[{"embeddable":true,"href":"https:\/\/www.glossa.fi\/wp\/index.php?rest_route=%2Fwp%2Fv2%2Fcomments&post=1428"}],"version-history":[{"count":19,"href":"https:\/\/www.glossa.fi\/wp\/index.php?rest_route=\/wp\/v2\/posts\/1428\/revisions"}],"predecessor-version":[{"id":1472,"href":"https:\/\/www.glossa.fi\/wp\/index.php?rest_route=\/wp\/v2\/posts\/1428\/revisions\/1472"}],"wp:attachment":[{"href":"https:\/\/www.glossa.fi\/wp\/index.php?rest_route=%2Fwp%2Fv2%2Fmedia&parent=1428"}],"wp:term":[{"taxonomy":"category","embeddable":true,"href":"https:\/\/www.glossa.fi\/wp\/index.php?rest_route=%2Fwp%2Fv2%2Fcategories&post=1428"},{"taxonomy":"post_tag","embeddable":true,"href":"https:\/\/www.glossa.fi\/wp\/index.php?rest_route=%2Fwp%2Fv2%2Ftags&post=1428"}],"curies":[{"name":"wp","href":"https:\/\/api.w.org\/{rel}","templated":true}]}}