{"id":485,"date":"2017-02-08T11:00:23","date_gmt":"2017-02-08T09:00:23","guid":{"rendered":"http:\/\/www.glossa.fi\/wp\/?p=485"},"modified":"2017-02-08T11:38:44","modified_gmt":"2017-02-08T09:38:44","slug":"glossan-hallitus-esittaytyy-osa-1","status":"publish","type":"post","link":"https:\/\/www.glossa.fi\/wp\/?p=485","title":{"rendered":"Glossan hallitus esitt\u00e4ytyy, osa 1"},"content":{"rendered":"<p>Glossan hallitus ja puheenjohtaja valittiin j\u00e4lleen syyskokouksessa 1.12.2016. J\u00e4rjest\u00e4ytymiskokouksessa 19.1.2017 hallitus valitsi keskuudestaan toimihenkil\u00f6t alkaneelle vuodelle. Hallituksen kokoonpano vuonna 2017 on:<\/p>\n<p><b>Reima V\u00e4lim\u00e4ki<\/b>, FT (TY), puheenjohtaja<br \/>\n<b>Kirsi Kanerva<\/b>, FT (TY), varapuheenjohtaja<br \/>\n<b>Olli Lampinen-Enqvist<\/b>, TM (HY), sihteeri<br \/>\n<b>Lauri Hirvonen<\/b>, FM (HY), taloudenhoitaja ja j\u00e4sensihteeri<br \/>\n<b>Katja F\u00e4lt<\/b>, FT (JY)<br \/>\n<b>Lauri Leinonen<\/b>, FM (HY)<br \/>\n<b>Maria Kallio<\/b>, FM (TY)<br \/>\n<b>Karolina Kouvola<\/b>, TM (HY), tiedottaja<br \/>\n<b>Marika R\u00e4s\u00e4nen<\/b>, FT (TY)<\/p>\n<p>Varaj\u00e4senet<br \/>\n<b>Leena Enqvist<\/b>, TM, HuK (HY)<br \/>\n<b>Jenni Kuuliala<\/b>, FT (TaY)<br \/>\n<b>Anu Lahtinen<\/b>, FT, dos. (TY)<br \/>\n<strong>Sanna Supponen<\/strong>, FM, teol. yo. (HY)<\/p>\n<p>Seuraavassa (kaksiosaisessa) jutussa Glossan hallitus esitt\u00e4ytyy omin sanoin.<\/p>\n<p>&nbsp;<br \/>\n<strong>Reima V\u00e4lim\u00e4ki<a href=\"http:\/\/www.glossa.fi\/wp\/wp-content\/uploads\/2017\/02\/reimaprofile_aca.jpg\"><img loading=\"lazy\" class=\" size-medium wp-image-487 alignright\" src=\"http:\/\/www.glossa.fi\/wp\/wp-content\/uploads\/2017\/02\/reimaprofile_aca-276x300.jpg\" alt=\"reimaprofile_aca\" width=\"276\" height=\"300\" srcset=\"https:\/\/www.glossa.fi\/wp\/wp-content\/uploads\/2017\/02\/reimaprofile_aca-276x300.jpg 276w, https:\/\/www.glossa.fi\/wp\/wp-content\/uploads\/2017\/02\/reimaprofile_aca.jpg 726w\" sizes=\"(max-width: 276px) 100vw, 276px\" \/><\/a><br \/>\n<\/strong>Jatkan Glossan hallituksen puheenjohtajana nyt kolmatta vuotta. Puheenjohtaja vastaa yhdistyksen hallinnon kokonaisuudesta ja valmistelee kokoukset yhdess\u00e4 varapuheenjohtajan, sihteerin ja taloudenhoitajan kanssa. Tarvittaessa puheenjohtaja edustaa yhdistyksen \u00e4\u00e4nt\u00e4 ulosp\u00e4in, mutta hallinnollisesti h\u00e4n on <em>primus inter pares<\/em>.<\/p>\n<p>V\u00e4ittelin inkvisiittori Petrus Zwickerist\u00e4 ja my\u00f6h\u00e4iskeskiaikaisen harhaoppisuuden vainosta Turun yliopiston kulttuurihistorian oppiaineesta syksyll\u00e4 2016. T\u00e4ll\u00e4 hetkell\u00e4 jaan aikani Suomen Rooman-instituutin s\u00e4\u00e4ti\u00f6n asiamiehen teht\u00e4vien ja tutkimuksen v\u00e4lill\u00e4. Jatkan inkvisiittoreiden ja kerettil\u00e4isten parissa, ja olen mukana kehitt\u00e4m\u00e4ss\u00e4 latinankielisten tekstien tietokoneavusteista tekij\u00e4ntunnistusta. K\u00e4ynniss\u00e4 on my\u00f6s pienempi tutkimushanke Turun kirkkoherra Thomas Laurentiin vierailusta T\u00fcbingeniin 1580-luvulla.<\/p>\n<p>Vapaa-aikanani harjoittelen ja ohjaan kamppailulajeja. My\u00f6s yhdistystoiminta on aina kuulunut harrastuksiini. Matkailen mieluiten Italiassa ja Saksassa, joiden molempien kulttuurit ovat l\u00e4hell\u00e4 syd\u00e4nt\u00e4ni.<\/p>\n<p><strong>Jenni Kuuliala<a href=\"http:\/\/www.glossa.fi\/wp\/wp-content\/uploads\/2017\/02\/Jenni.jpg\"><img loading=\"lazy\" class=\" size-medium wp-image-488 alignleft\" src=\"http:\/\/www.glossa.fi\/wp\/wp-content\/uploads\/2017\/02\/Jenni-217x300.jpg\" alt=\"Jenni\" width=\"217\" height=\"300\" srcset=\"https:\/\/www.glossa.fi\/wp\/wp-content\/uploads\/2017\/02\/Jenni-217x300.jpg 217w, https:\/\/www.glossa.fi\/wp\/wp-content\/uploads\/2017\/02\/Jenni.jpg 507w\" sizes=\"(max-width: 217px) 100vw, 217px\" \/><\/a><\/strong><strong><br \/>\n<\/strong>Olen pitk\u00e4aikainen Glossan hallituksen j\u00e4sen; t\u00e4n\u00e4 vuonna toimin varaj\u00e4senen\u00e4. Ty\u00f6skentelen tutkijatohtorina Tampereen yliopiston Yhteiskuntatieteiden tiedekunnassa historian oppiaineessa. Olen parhaillaan viimeistelem\u00e4ss\u00e4 monografiaa pyhimysten fyysisen heikkouden tulkinnasta my\u00f6h\u00e4iskeskiaikaisissa kanonisaatioprosesseissa ja samalla aloittamassa tutkimushanketta parantamisen yhteis\u00f6llisist\u00e4 ulottuvuuksista my\u00f6h\u00e4iskeskiajalla ja uuden ajan alussa. Erikoisalaani on siis l\u00e4\u00e4ketieteen sosiaalihistoria ja erityisesti olen kiinnostunut sairauden, vammaisuuden ja \u201dnormaalin\u201d yhteiskunnallisista m\u00e4\u00e4ritelmist\u00e4. Ved\u00e4n lis\u00e4ksi syksyll\u00e4 2017 alkavaa, Koneen S\u00e4\u00e4ti\u00f6n rahoittamaa hanketta \u201dVammaisuuden vaiettu historia. Identiteetti, osallisuus ja yhteiskunta\u201d. Toimin my\u00f6s Trivium \u2013 Tampere Centre for Classical, Medieval and Early Modern Studies -tutkimuskeskuksen johtokunnan j\u00e4senen\u00e4 ja tiedottajana.<\/p>\n<p>Vapaa-ajallani harrastan muun muassa laulamista, koiria ja enemm\u00e4n tai v\u00e4hemm\u00e4n satunnaista urheilua. Silloin kun on mahdollista, matkustan Italiaan tai Britanniaan.<\/p>\n<p><strong>Sanna Supponen<br \/>\n<a href=\"http:\/\/www.glossa.fi\/wp\/wp-content\/uploads\/2017\/02\/Kuva_sanna.jpg\"><img loading=\"lazy\" class=\" size-medium wp-image-489 alignright\" src=\"http:\/\/www.glossa.fi\/wp\/wp-content\/uploads\/2017\/02\/Kuva_sanna-225x300.jpg\" alt=\"bty\" width=\"225\" height=\"300\" srcset=\"https:\/\/www.glossa.fi\/wp\/wp-content\/uploads\/2017\/02\/Kuva_sanna-225x300.jpg 225w, https:\/\/www.glossa.fi\/wp\/wp-content\/uploads\/2017\/02\/Kuva_sanna-768x1024.jpg 768w\" sizes=\"(max-width: 225px) 100vw, 225px\" \/><\/a><\/strong>Olen ensimm\u00e4ist\u00e4 vuottani mukana Glossan hallituksessa varaj\u00e4senen\u00e4. Teen v\u00e4it\u00f6skirjaa Helsingin yliopistossa yleiseen historiaan ja siin\u00e4 ohessa ty\u00f6skentelen tutkimusavustajana kirkkohistorian osastolla Teologisessa tiedekunnassa. Oma tutkimukseni koskee Link\u00f6pingin kaniikin, maisteri Mathiaksen (k. n. 1350) teosta Alphabetum distinccionum, joka on er\u00e4\u00e4nlainen Raamattu-tietosanakirja. V\u00e4it\u00f6skirjassani tavoitteena on rekonstruoida ainoastaan fragmentteina s\u00e4ilyneen teoksen sis\u00e4lt\u00f6\u00e4 ja rakennetta sek\u00e4 tarkastella sen kontekstia ja k\u00e4ytt\u00f6\u00e4. Erityisesti minua kiinnostavat k\u00e4sikirjoitustutkimus, saarnak\u00e4sikirjat ja tietokantojen hy\u00f6dynt\u00e4minen tutkimuksen v\u00e4lineen\u00e4. Vapaa-ajalla kulutan laidasta laitaan musiikkia, kulttuuria ja kirjallisuutta.<\/p>\n<p><strong>Katja F\u00e4lt<a href=\"http:\/\/www.glossa.fi\/wp\/wp-content\/uploads\/2017\/02\/KatjaF_Glossa_kuva.jpg\"><img loading=\"lazy\" class=\" size-medium wp-image-490 alignleft\" src=\"http:\/\/www.glossa.fi\/wp\/wp-content\/uploads\/2017\/02\/KatjaF_Glossa_kuva-225x300.jpg\" alt=\"KatjaF_Glossa_kuva\" width=\"225\" height=\"300\" srcset=\"https:\/\/www.glossa.fi\/wp\/wp-content\/uploads\/2017\/02\/KatjaF_Glossa_kuva-225x300.jpg 225w, https:\/\/www.glossa.fi\/wp\/wp-content\/uploads\/2017\/02\/KatjaF_Glossa_kuva.jpg 720w\" sizes=\"(max-width: 225px) 100vw, 225px\" \/><\/a><br \/>\n<\/strong><span lang=\"fi-FI\">Toimin kolmatta vuotta Glossan hallituksen rivij\u00e4senen\u00e4. <\/span><span lang=\"fi-FI\">Tutkin keskiajan taidetta ja olen v\u00e4itellyt vuonna 2012 Jyv\u00e4skyl\u00e4n yliopiston taiteiden ja kulttuurin tutkimuksen laitokselta (nyky\u00e4\u00e4n musiikin, taiteiden ja kulttuurin tutkimuksen laitos). V\u00e4it\u00f6ksess\u00e4ni tutkin Suomen keskiajan ns. ei-ammattimaisten kirkkomaalareiden tekemi\u00e4 maalauksia visuaalisen kulttuurin tutkimuksen n\u00e4k\u00f6kulmasta. Nykyiset tutkimusintressini suuntautuvat muun muassa keskiaikaiseen k\u00e4rsimysmystiikkaan ja kuolemaan, sukupuolen representaatioihin sek\u00e4 medievalismiin. <\/span><\/p>\n<p>Muutoin el\u00e4m\u00e4ss\u00e4 kivoja asioita ovat hyv\u00e4 ruoka, laadukas tv- ja elokuvaviihde, raskas musiikki ja yst\u00e4v\u00e4t.<\/p>\n<p>&nbsp;<\/p>\n<p><strong>Karolina Kouvola<a href=\"http:\/\/www.glossa.fi\/wp\/wp-content\/uploads\/2017\/02\/Karolina.jpg\"><img loading=\"lazy\" class=\" size-medium wp-image-491 alignright\" src=\"http:\/\/www.glossa.fi\/wp\/wp-content\/uploads\/2017\/02\/Karolina-200x300.jpg\" alt=\"Karolina\" width=\"200\" height=\"300\" srcset=\"https:\/\/www.glossa.fi\/wp\/wp-content\/uploads\/2017\/02\/Karolina-200x300.jpg 200w, https:\/\/www.glossa.fi\/wp\/wp-content\/uploads\/2017\/02\/Karolina.jpg 480w\" sizes=\"(max-width: 200px) 100vw, 200px\" \/><\/a><\/strong><br \/>\nGlossan hallituksessa on vier\u00e4ht\u00e4nyt jo nelj\u00e4 vuotta, ja viides vuosi sek\u00e4 samalla kolmas vuosi tiedottajana on alkamassa. Jos siis tied\u00e4t todella mielenkiintoisen keskiaikaisen tapahtuman tai uutisen, jota et ole viel\u00e4 n\u00e4hnyt Glossan s\u00e4hk\u00f6postilistalla, Facebookissa tai Twitteriss\u00e4, laita minulle asiasta viesti\u00e4!<\/p>\n<p>Teen Helsingin yliopistossa uskontotieteen v\u00e4it\u00f6skirjaa kalevalaisen loitsurunon yhteyksist\u00e4 l\u00e4hialueiden kulttuureihin, p\u00e4\u00e4asiassa Skandinaviaan. Minua kiinnostaa my\u00f6s metodologia eli se, miten voimme l\u00f6yt\u00e4\u00e4 piirteit\u00e4 1800-luvulla talteen ker\u00e4tyst\u00e4 runoaineistosta aina viikinkiajalle saakka. Yliopistomaailman lis\u00e4ksi olen yleistajuistanut historiaa museomaailmassa l\u00e4hes kymmenen vuoden ajan.<\/p>\n<p>Vapaa-ajan k\u00e4yt\u00e4n p\u00e4\u00e4asiassa nollaamalla ajatuksia salilla rautaa pumpaten tai taistellen lohik\u00e4\u00e4rmeit\u00e4 vastaan tietokonepelien kuvitelluissa maailmoissa.<\/p>\n<p><strong>Marika R\u00e4s\u00e4nen<\/strong><strong><a href=\"http:\/\/www.glossa.fi\/wp\/wp-content\/uploads\/2017\/02\/Marika.jpg\"><img loading=\"lazy\" class=\" size-medium wp-image-492 alignleft\" src=\"http:\/\/www.glossa.fi\/wp\/wp-content\/uploads\/2017\/02\/Marika-300x225.jpg\" alt=\"Marika\" width=\"300\" height=\"225\" srcset=\"https:\/\/www.glossa.fi\/wp\/wp-content\/uploads\/2017\/02\/Marika-300x225.jpg 300w, https:\/\/www.glossa.fi\/wp\/wp-content\/uploads\/2017\/02\/Marika-1024x768.jpg 1024w\" sizes=\"(max-width: 300px) 100vw, 300px\" \/><\/a><\/strong><span lang=\"fi-FI\"><br \/>\nOlen ollut mukana Glossan hallituksessa rivij\u00e4senen\u00e4 tammikuusta 2015 l\u00e4htien. Tavoitteeni hallituksessa on pyrki\u00e4 ty\u00f6skentelem\u00e4\u00e4n sen eteen, ett\u00e4 Glossa saisi entist\u00e4 vahvemman jalansijan suomalaisessa keskiajan tutkimuksessa ja yhteiskunnalliseen keskusteluun vaikuttajana. Viime aikoina olen kuitenkin p\u00e4\u00e4ssyt osallistumaan toimintaan vain harvakseltaan, koska asun Ranskassa (viel\u00e4 kes\u00e4\u00e4n 2017 asti) ja ty\u00f6skentelen vierailevana tutkijana Poitiers\u2019n yliopiston keskiajan tutkimuskeskuksessa (CESCM).<\/span><\/p>\n<p><span lang=\"fi-FI\">V\u00e4ittelin vuonna 2013 Turun yliopistosta Tuomas Akvinolaisen varhaisesta pyhimyskultista Italiassa. Sen j\u00e4lkeen olen jatkanut Tuomas-tutkimuksiani tarkastellen kulttia hieman eri aikoina ja erilaisissa poliittis-uskonnollisissa konteksteissa. Vuoden 2015 alusta olen johtanut Koneen S\u00e4\u00e4ti\u00f6n rahoittamaa tieteellis-taiteellista hanketta, jonka tutkijat ja taiteilijat pohtivat Tuomaan juhlap\u00e4ivien liturgian kokemuksellisuutta ennen ja nyt. Aloitin juuri Turku Institute for Advanced Studi<\/span><span lang=\"fi-FI\">e<\/span><span lang=\"fi-FI\">sissa postdoc-tutkijana. Projektini k\u00e4sittelee pyhimysreliikkien k\u00e4ytt\u00f6\u00e4 uskovia yhdist\u00e4v\u00e4n\u00e4 ja erottavana tekij\u00e4n\u00e4 l\u00e4nnen suuren skisman (1378\u20131418) seurauksena.<\/span><\/p>\n<p>T\u00e4ll\u00e4 hetkell\u00e4 aktiivisin harrastukseni on Ranskaan ja ranskalaiseen kulttuuriin tutustuminen. Monta linnaa ja luostaria olen jo n\u00e4hnyt. Seuraavalla koulun loma-aikaan ajoitetulla matkalla haaveilen p\u00e4\u00e4sev\u00e4ni tytt\u00e4reni mukana ratsastusvaellukselle entisiin kataarikyliin. Jos luen muuta kuin t\u00f6ihin liittyv\u00e4\u00e4, osuu valintani yleens\u00e4 \u201dkevytkirjallisuuteen\u201d (esim. rikosromaanit). Annan t\u00e4m\u00e4n paheen itselleni anteeksi sill\u00e4 verukkeella, ett\u00e4 luen h\u00f6mpp\u00e4ni aina alkuper\u00e4iskielill\u00e4.<\/p>\n<p><strong>Kirsi Kanerva<br \/>\n<\/strong><span lang=\"fi-FI\">Olen ollut Glossa<\/span><span lang=\"fi-FI\">n<\/span><span lang=\"fi-FI\"> toiminnassa mukana vuodesta 2012 ja varapuheenjohtajana vuodesta <\/span><span lang=\"fi-FI\">201<\/span><span lang=\"fi-FI\">4<\/span><span lang=\"fi-FI\"> saakka. <\/span><\/p>\n<p><span lang=\"fi-FI\">Omassa tutkimuksessani olen keskittynyt tunteiden ja kuoleman historiaan keskiajan Skandinaviassa ja tarkastellut useammassa yhteydess\u00e4 my\u00f6s islantilaisessa saagakirjallisuudessa tavattavia el\u00e4vi\u00e4 kuolleita ilmi\u00f6n\u00e4. V\u00e4it\u00f6skirjassani k\u00e4sittelin keskiajan (n. 1200<\/span><span lang=\"fi-FI\">\u2013<\/span><span lang=\"fi-FI\">1400) islantilaisia k\u00e4sityksi\u00e4 tunteista ja yliluonnollisesta. Aineistonani olivat 1200-luvulla ja 1300-luvun alkupuolella kirjoitetut islantilaissaagat. Nykyisess\u00e4 tutkimuksessani tarkastelen itsemurhaan kohdistettuja asenteita, k\u00e4sityksi\u00e4 ja normeja ja niiss\u00e4 tapahtuneita muutoksia Islannissa n. 1100<\/span><span lang=\"fi-FI\">\u2013<\/span><span lang=\"fi-FI\">1400. Aineistoni koostuu keskiajan islantilaisista saagoista, laeista, annaaleista ja latinankielisten pyhimysel\u00e4m\u00e4nkertojen kansankielisist\u00e4 k\u00e4\u00e4nn\u00f6ksist\u00e4, joita on tuotettu Islannissa tarkastelemieni vuosisatojen aikana.<\/span><\/p>\n<p>Kun aikaa keskiajalta ja saagoilta j\u00e4\u00e4, harrastan esimerkiksi nykykirjallisuutta ja -elokuvia, lenkkeilen, suunnittelen ja toteutan pienimuotoista puutarhaviljely\u00e4 ja rentoudun seuraamalla television tarjoamia eurooppalaisia murhamysteereit\u00e4.<\/p>\n<p><span style=\"border-radius: 2px; text-indent: 20px; width: auto; padding: 0px 4px 0px 0px; text-align: center; font: bold 11px\/20px 'Helvetica Neue',Helvetica,sans-serif; color: #ffffff; background: #bd081c  no-repeat scroll 3px 50% \/ 14px 14px; position: absolute; opacity: 1; z-index: 8675309; display: none; cursor: pointer;\">Tallenna<\/span><\/p>\n<p><span style=\"border-radius: 2px; text-indent: 20px; width: auto; padding: 0px 4px 0px 0px; text-align: center; font: bold 11px\/20px 'Helvetica Neue',Helvetica,sans-serif; color: #ffffff; background: #bd081c  no-repeat scroll 3px 50% \/ 14px 14px; position: absolute; opacity: 1; z-index: 8675309; display: none; cursor: pointer;\">Tallenna<\/span><\/p>\n<p><span style=\"border-radius: 2px; text-indent: 20px; width: auto; padding: 0px 4px 0px 0px; text-align: center; font: bold 11px\/20px 'Helvetica Neue',Helvetica,sans-serif; color: #ffffff; background: #bd081c  no-repeat scroll 3px 50% \/ 14px 14px; position: absolute; opacity: 1; z-index: 8675309; display: none; cursor: pointer;\">Tallenna<\/span><\/p>\n","protected":false},"excerpt":{"rendered":"<p>Glossan hallitus ja puheenjohtaja valittiin j\u00e4lleen syyskokouksessa 1.12.2016. J\u00e4rjest\u00e4ytymiskokouksessa 19.1.2017 hallitus valitsi keskuudestaan toimihenkil\u00f6t alkaneelle vuodelle. Hallituksen kokoonpano vuonna 2017 on: Reima V\u00e4lim\u00e4ki, FT (TY), puheenjohtaja Kirsi Kanerva, FT (TY), varapuheenjohtaja Olli Lampinen-Enqvist, TM (HY), sihteeri Lauri Hirvonen, FM (HY), taloudenhoitaja ja j\u00e4sensihteeri Katja F\u00e4lt, FT (JY) Lauri Leinonen, FM (HY) Maria Kallio, FM (TY) [&hellip;]<\/p>\n","protected":false},"author":1,"featured_media":0,"comment_status":"open","ping_status":"open","sticky":false,"template":"","format":"standard","meta":[],"categories":[1],"tags":[],"_links":{"self":[{"href":"https:\/\/www.glossa.fi\/wp\/index.php?rest_route=\/wp\/v2\/posts\/485"}],"collection":[{"href":"https:\/\/www.glossa.fi\/wp\/index.php?rest_route=\/wp\/v2\/posts"}],"about":[{"href":"https:\/\/www.glossa.fi\/wp\/index.php?rest_route=\/wp\/v2\/types\/post"}],"author":[{"embeddable":true,"href":"https:\/\/www.glossa.fi\/wp\/index.php?rest_route=\/wp\/v2\/users\/1"}],"replies":[{"embeddable":true,"href":"https:\/\/www.glossa.fi\/wp\/index.php?rest_route=%2Fwp%2Fv2%2Fcomments&post=485"}],"version-history":[{"count":11,"href":"https:\/\/www.glossa.fi\/wp\/index.php?rest_route=\/wp\/v2\/posts\/485\/revisions"}],"predecessor-version":[{"id":501,"href":"https:\/\/www.glossa.fi\/wp\/index.php?rest_route=\/wp\/v2\/posts\/485\/revisions\/501"}],"wp:attachment":[{"href":"https:\/\/www.glossa.fi\/wp\/index.php?rest_route=%2Fwp%2Fv2%2Fmedia&parent=485"}],"wp:term":[{"taxonomy":"category","embeddable":true,"href":"https:\/\/www.glossa.fi\/wp\/index.php?rest_route=%2Fwp%2Fv2%2Fcategories&post=485"},{"taxonomy":"post_tag","embeddable":true,"href":"https:\/\/www.glossa.fi\/wp\/index.php?rest_route=%2Fwp%2Fv2%2Ftags&post=485"}],"curies":[{"name":"wp","href":"https:\/\/api.w.org\/{rel}","templated":true}]}}