{"id":506,"date":"2017-03-08T11:57:31","date_gmt":"2017-03-08T09:57:31","guid":{"rendered":"http:\/\/www.glossa.fi\/wp\/?p=506"},"modified":"2017-03-08T11:57:31","modified_gmt":"2017-03-08T09:57:31","slug":"glossan-hallitus-esittaytyy-osa-2","status":"publish","type":"post","link":"https:\/\/www.glossa.fi\/wp\/?p=506","title":{"rendered":"Glossan hallitus esitt\u00e4ytyy, osa 2"},"content":{"rendered":"<p>Glossan hallitus ja puheenjohtaja valittiin j\u00e4lleen syyskokouksessa 1.12.2016. J\u00e4rjest\u00e4ytymiskokouksessa 19.1.2017 hallitus valitsi keskuudestaan toimihenkil\u00f6t alkaneelle vuodelle. Hallituksen kokoonpano vuonna 2017 on:<\/p>\n<p><b>Reima V\u00e4lim\u00e4ki<\/b>, FT (TY), puheenjohtaja<br \/>\n<b>Kirsi Kanerva<\/b>, FT (TY), varapuheenjohtaja<br \/>\n<b>Olli Lampinen-Enqvist<\/b>, TM (HY), sihteeri<br \/>\n<b>Lauri Hirvonen<\/b>, FM (HY), taloudenhoitaja ja j\u00e4sensihteeri<br \/>\n<b>Katja F\u00e4lt<\/b>, FT (JY)<br \/>\n<b>Lauri Leinonen<\/b>, FM (HY)<br \/>\n<b>Maria Kallio<\/b>, FM (TY)<br \/>\n<b>Karolina Kouvola<\/b>, TM (HY), tiedottaja<br \/>\n<b>Marika R\u00e4s\u00e4nen<\/b>, FT (TY)<\/p>\n<p>Varaj\u00e4senet<br \/>\n<b>Leena Enqvist<\/b>, TM, HuK (HY)<br \/>\n<b>Jenni Kuuliala<\/b>, FT (TaY)<br \/>\n<b>Anu Lahtinen<\/b>, FT, dos. (TY)<br \/>\n<strong>Sanna Supponen<\/strong>, FM, teol. yo. (HY)<\/p>\n<p>Seuraavassa, kaksiosaisen jutun j\u00e4lkimm\u00e4isess\u00e4 osassa Glossan hallitus esitt\u00e4ytyy omin sanoin.<\/p>\n<p><strong>Maria Kallio<br \/>\n<\/strong>Aloitin Glossan hallituksessa vuonna 2013 ja t\u00e4ll\u00e4 hetkell\u00e4 toimin Dies Medievales -konferenssivastaavana.<\/p>\n<figure id=\"attachment_507\" aria-labelledby=\"figcaption_attachment_507\" class=\"wp-caption alignright\" style=\"width: 225px\"><a href=\"http:\/\/www.glossa.fi\/wp\/wp-content\/uploads\/2017\/03\/Maria.jpg\"><img loading=\"lazy\" class=\"size-medium wp-image-507\" src=\"http:\/\/www.glossa.fi\/wp\/wp-content\/uploads\/2017\/03\/Maria-225x300.jpg\" alt=\"Maria Kallio\" width=\"225\" height=\"300\" srcset=\"https:\/\/www.glossa.fi\/wp\/wp-content\/uploads\/2017\/03\/Maria-225x300.jpg 225w, https:\/\/www.glossa.fi\/wp\/wp-content\/uploads\/2017\/03\/Maria-768x1024.jpg 768w, https:\/\/www.glossa.fi\/wp\/wp-content\/uploads\/2017\/03\/Maria.jpg 960w\" sizes=\"(max-width: 225px) 100vw, 225px\" \/><\/a><figcaption id=\"figcaption_attachment_507\" class=\"wp-caption-text\">Maria Kallio<\/figcaption><\/figure>\n<p>V\u00e4it\u00f6skirjani \u201dKirjoitettu menneisyys \u2013 keskiaikaiset kopiokirjat Turun tuomiokapitulin yhteis\u00f6llisen\u00e4 muistina\u201d k\u00e4sittelee Turusta s\u00e4ilyneit\u00e4 keskiaikaisia kopiokirjoja sek\u00e4 niiden k\u00e4ytt\u00f6\u00e4 ja merkityst\u00e4 hiippakunnallisena muistina. Tutkimukselliset kiinnostuksenkohteeni liittyv\u00e4t laajasti keskiajan kirjalliseen kulttuuriin. Erityisesti asiakirjat, k\u00e4sikirjoitukset, vanhat k\u00e4sialat, vesileimat sek\u00e4 kirjahistoria laajemmin ovat mieluisaa tutkittavaa.<\/p>\n<p>T\u00e4ll\u00e4 hetkell\u00e4 ty\u00f6skentelen ylitarkastajana Kansallisarkistossa READ (Recognition and Enrichment of Archival Documents) -hankkeessa, jossa kehitet\u00e4\u00e4n k\u00e4sinkirjoitetun tekstin automaattista tunnistusta. Saan siis p\u00e4ivitt\u00e4in ty\u00f6skennell\u00e4 vanhojen k\u00e4sialojen parissa!<\/p>\n<p><strong>Anu Lahtinen<br \/>\n<\/strong>Olen pitk\u00e4n linjan Glossa-aktiivi, toimin viime vuosikymmenell\u00e4 pitk\u00e4\u00e4n yhdistyksen puheenjohtajana. T\u00e4ll\u00e4 hetkell\u00e4 olen hallituksen varaj\u00e4sen ja koetan kantaa korteni kekoon muun muassa yliopistoyhteisty\u00f6ss\u00e4.<\/p>\n<p>Olen Suomen ja Pohjoismaiden historian professori ja erityisalaani on Suomen ja Pohjoismaiden my\u00f6h\u00e4iskeskiajan ja 1500-luvun historia. V\u00e4ittelin naisten toimijuudesta Flemingin sukupiiriss\u00e4 ja olen julkaissut artikkeleita my\u00f6h\u00e4iskeskiajan eliitist\u00e4, sen verkostoista, perhesuhteista ja koulutuksesta. Viime vuosina olen tutkinut melko paljon my\u00f6s my\u00f6hempien vuosisatojen historiaa, mutta aikakaudesta riippumatta sukupuolihistoria ja sosiaalihistoria ovat t\u00e4rkeit\u00e4 kiinnostuksenkohteita.\u00a0 Minua kiinnostaa laaja-alaisesti kehitt\u00e4\u00e4 historiatieteen kentt\u00e4\u00e4 ja tukea sen merkityst\u00e4 nyky-yhteiskunnassa.<\/p>\n<p>Professorin sijaisuuden lis\u00e4ksi teht\u00e4viini kuuluu Historiallisen Aikakauskirjan p\u00e4\u00e4toimittajan ty\u00f6 sek\u00e4 Tilaushistoriakeskuksen hallituksen puheenjohtajuus, joten vapaa-ajan ongelmia ei ole.<\/p>\n<figure id=\"attachment_512\" aria-labelledby=\"figcaption_attachment_512\" class=\"wp-caption alignleft\" style=\"width: 195px\"><a href=\"http:\/\/www.glossa.fi\/wp\/wp-content\/uploads\/2017\/03\/LH.jpg\"><img loading=\"lazy\" class=\"size-full wp-image-512\" src=\"http:\/\/www.glossa.fi\/wp\/wp-content\/uploads\/2017\/03\/LH.jpg\" alt=\"Lauri Hirvonen\" width=\"195\" height=\"286\" \/><\/a><figcaption id=\"figcaption_attachment_512\" class=\"wp-caption-text\">Lauri Hirvonen<\/figcaption><\/figure>\n<p><strong>Lauri Hirvonen<br \/>\n<\/strong><span lang=\"en-GB\"><span lang=\"fi\">Olen ollut mukana Glossan hallituksessa vuodesta 2013. Viimevuosina olen toiminut taloudenhoitajana. Valmistelen Helsingin yliopistossa v\u00e4it\u00f6skirjaa pyh\u00e4n Erikin (k. 1160) \u00a0pyhimysel\u00e4m\u00e4kerran k\u00e4sikirjoitustradition kehityksest\u00e4 ja levi\u00e4misest\u00e4. Sen ohella olen mukana Suomen Rooman instituutin tutkimushankkeessa, joka tutkii aikak\u00e4sityst\u00e4 keskiajan Roomassa. Lis\u00e4ksi olen tietokanta-asiantuntijana S\u00e4\u00e4ti\u00f6iden ja rahastojen neuvottelukunnan S\u00e4\u00e4ti\u00f6tutkimushankkeessa, jossa selvitet\u00e4\u00e4n s\u00e4\u00e4ti\u00f6iden my\u00f6nt\u00e4m\u00e4n rahoituksen vaikutusta Suomen tieteelle itsen\u00e4isyyden aikana. Vapaa-aikani kuluu levyjen ker\u00e4ilyn sek\u00e4 jalkapallon seuraamisen merkeiss\u00e4.<\/span><\/span><\/p>\n<p><strong>Lauri Leinonen<\/strong><br \/>\nOlen Glossan hallituksessa nyt \u00adkuudetta vuotta. Olen toiminut aiemmin <em>Glossae<\/em>-lehden parissa taittajana ja toimituskunnan j\u00e4senen\u00e4 sek\u00e4 hallituksessa varainhoitajana ja j\u00e4sensihteerin\u00e4. Nyky\u00e4\u00e4n istun j\u00e4rjest\u00f6n hallituksessa tavallisena j\u00e4senen\u00e4.<\/p>\n<p>Teen t\u00e4ll\u00e4 hetkell\u00e4 Helsingin yliopistossa v\u00e4it\u00f6skirjaani keskiaikaisesta kirjanjulkaisusta, mink\u00e4 lis\u00e4ksi ty\u00f6skentelen tutkijana Kansallisarkiston Diplomatarium Fennicum \u2013projektissa p\u00e4\u00e4asiallisena vastuualueenani tietokannan sis\u00e4ll\u00f6n ja ty\u00f6kalujen kehitt\u00e4minen. Tutkimusintresseihini on alkanut eneneviss\u00e4 m\u00e4\u00e4rin liitty\u00e4 modernien tietokoneavusteisten menetelmien hy\u00f6dynt\u00e4minen tutkimuksen teossa. Muutoin keskeisimm\u00e4t kiinnostuksen kohteeni liittyv\u00e4t kulttuuri- ja kirjahistoriaan hyvinkin laajalti \u2013 kirjanjulkaisun verkostoista ja inkunaabelitutkimuksesta aina 1000-luvun Etel\u00e4-Italiaan normanneihin ja muslimeihin.<\/p>\n<p>Vapaa-aikani kuluu nyky\u00e4\u00e4n paljolti lapsellisesti seitsenkuisen tytt\u00e4reni kanssa puuhaillen, mutta my\u00f6s sekalaisen urheilun ja kulttuurin, erityisesti musiikin ja kirjallisuuden, parissa.<\/p>\n<p><strong>Leena Enqvist<br \/>\n<\/strong>Olen toiminut Glossan hallituksessa erilaisissa teht\u00e4viss\u00e4 vuodesta 2012 alkaen: j\u00e4senen\u00e4, sihteerin\u00e4 (2013) ja puheenjohtajana (vuonna 2014). Nykyisess\u00e4 hallituksessa olen varaj\u00e4sen. Teen v\u00e4it\u00f6skirjaa kirkkohistorian osastolla Helsingin yliopistossa. Ty\u00f6ss\u00e4ni tutkin lukemista keskiaikaisissa birgittalaisluostareissa, erityisesti lukemisen ohjailua yhteis\u00f6llisen ja yksityisen lukemisen konteksteissa. Keskiaika on kiinnostanut minua kouluajoista asti, erityisesti sen kirjallisuus, taide, musiikki ja uskonnollisen el\u00e4m\u00e4n muodot. Vapaa-ajalla syd\u00e4nt\u00e4ni l\u00e4hell\u00e4 ovat muun muassa maailmankirjallisuus, (klassinen) musiikki, museoissa haahuilu sek\u00e4 salainen paheeni kirjontaty\u00f6t.<\/p>\n<figure id=\"attachment_508\" aria-labelledby=\"figcaption_attachment_508\" class=\"wp-caption alignright\" style=\"width: 225px\"><a href=\"http:\/\/www.glossa.fi\/wp\/wp-content\/uploads\/2017\/03\/KuvaLeenaOlli.jpg\"><img loading=\"lazy\" class=\"size-medium wp-image-508\" src=\"http:\/\/www.glossa.fi\/wp\/wp-content\/uploads\/2017\/03\/KuvaLeenaOlli-225x300.jpg\" alt=\"Leena Enqvist ja Olli Lampinen-Enqvist\" width=\"225\" height=\"300\" srcset=\"https:\/\/www.glossa.fi\/wp\/wp-content\/uploads\/2017\/03\/KuvaLeenaOlli-225x300.jpg 225w, https:\/\/www.glossa.fi\/wp\/wp-content\/uploads\/2017\/03\/KuvaLeenaOlli-768x1024.jpg 768w, https:\/\/www.glossa.fi\/wp\/wp-content\/uploads\/2017\/03\/KuvaLeenaOlli.jpg 1932w\" sizes=\"(max-width: 225px) 100vw, 225px\" \/><\/a><figcaption id=\"figcaption_attachment_508\" class=\"wp-caption-text\">Leena Enqvist ja Olli Lampinen-Enqvist<\/figcaption><\/figure>\n<p><strong>Olli Lampinen-Enqvist<br \/>\n<\/strong>Olen Glossan hallituksessa mukana nelj\u00e4tt\u00e4 ja sihteerin\u00e4 kolmatta vuotta. Toimitan my\u00f6s <em>Glossae<\/em>-blogia, eli minuun kannattaa olla yhteydess\u00e4 juttuideoiden tiimoilta.<\/p>\n<p>Teen Helsingin yliopistossa kirkkohistorian v\u00e4it\u00f6skirjaa 1300-luvun englantilaisten mystikkojen Richard Rollen, Walter Hiltonin ja anonyymin <em>Cloud of Unknowing<\/em> -kirjoittajan opasteksteist\u00e4 kontemplatiiviseen el\u00e4m\u00e4\u00e4n. Tarkastelen erityisesti kirjoittajien ja tekstien pyrkimyksi\u00e4 vaikuttaa lukijaan ja perustella auktoriteettiaan. Olen yleisemminkin kiinnostunut keskiaikaisesta kirjallisuudesta, sen v\u00e4litt\u00e4mist\u00e4 arvioista ja tavoista tehd\u00e4 asioita tekstill\u00e4.<\/p>\n<p>Kun en tee t\u00f6it\u00e4 tai kotit\u00f6it\u00e4, luen kaunokirjallisuutta snobistisesti, kulutan musiikkia sangviinis-koleerisesti ja pelaan liikaa tietokonepelej\u00e4. Parasta on Kate Bush, Thomas Mann, tweed ja Buffy, vampyyrintappaja.<\/p>\n<p><span style=\"border-radius: 2px; text-indent: 20px; width: auto; padding: 0px 4px 0px 0px; text-align: center; font: bold 11px\/20px 'Helvetica Neue',Helvetica,sans-serif; color: #ffffff; background: #bd081c  no-repeat scroll 3px 50% \/ 14px 14px; position: absolute; opacity: 1; z-index: 8675309; display: none; cursor: pointer; top: 540px; left: 20px;\">Tallenna<\/span><\/p>\n<p><span style=\"border-radius: 2px; text-indent: 20px; width: auto; padding: 0px 4px 0px 0px; text-align: center; font: bold 11px\/20px 'Helvetica Neue',Helvetica,sans-serif; color: #ffffff; background: #bd081c  no-repeat scroll 3px 50% \/ 14px 14px; position: absolute; opacity: 1; z-index: 8675309; display: none; cursor: pointer; top: 976px; left: 971px;\">Tallenna<\/span><\/p>\n<p><span style=\"border-radius: 2px; text-indent: 20px; width: auto; padding: 0px 4px 0px 0px; text-align: center; font: bold 11px\/20px 'Helvetica Neue',Helvetica,sans-serif; color: #ffffff; background: #bd081c  no-repeat scroll 3px 50% \/ 14px 14px; position: absolute; opacity: 1; z-index: 8675309; display: none; cursor: pointer; top: 540px; left: 941px;\">Tallenna<\/span><\/p>\n","protected":false},"excerpt":{"rendered":"<p>Glossan hallitus ja puheenjohtaja valittiin j\u00e4lleen syyskokouksessa 1.12.2016. J\u00e4rjest\u00e4ytymiskokouksessa 19.1.2017 hallitus valitsi keskuudestaan toimihenkil\u00f6t alkaneelle vuodelle. Hallituksen kokoonpano vuonna 2017 on: Reima V\u00e4lim\u00e4ki, FT (TY), puheenjohtaja Kirsi Kanerva, FT (TY), varapuheenjohtaja Olli Lampinen-Enqvist, TM (HY), sihteeri Lauri Hirvonen, FM (HY), taloudenhoitaja ja j\u00e4sensihteeri Katja F\u00e4lt, FT (JY) Lauri Leinonen, FM (HY) Maria Kallio, FM (TY) [&hellip;]<\/p>\n","protected":false},"author":1,"featured_media":0,"comment_status":"open","ping_status":"open","sticky":false,"template":"","format":"standard","meta":[],"categories":[1],"tags":[],"_links":{"self":[{"href":"https:\/\/www.glossa.fi\/wp\/index.php?rest_route=\/wp\/v2\/posts\/506"}],"collection":[{"href":"https:\/\/www.glossa.fi\/wp\/index.php?rest_route=\/wp\/v2\/posts"}],"about":[{"href":"https:\/\/www.glossa.fi\/wp\/index.php?rest_route=\/wp\/v2\/types\/post"}],"author":[{"embeddable":true,"href":"https:\/\/www.glossa.fi\/wp\/index.php?rest_route=\/wp\/v2\/users\/1"}],"replies":[{"embeddable":true,"href":"https:\/\/www.glossa.fi\/wp\/index.php?rest_route=%2Fwp%2Fv2%2Fcomments&post=506"}],"version-history":[{"count":8,"href":"https:\/\/www.glossa.fi\/wp\/index.php?rest_route=\/wp\/v2\/posts\/506\/revisions"}],"predecessor-version":[{"id":517,"href":"https:\/\/www.glossa.fi\/wp\/index.php?rest_route=\/wp\/v2\/posts\/506\/revisions\/517"}],"wp:attachment":[{"href":"https:\/\/www.glossa.fi\/wp\/index.php?rest_route=%2Fwp%2Fv2%2Fmedia&parent=506"}],"wp:term":[{"taxonomy":"category","embeddable":true,"href":"https:\/\/www.glossa.fi\/wp\/index.php?rest_route=%2Fwp%2Fv2%2Fcategories&post=506"},{"taxonomy":"post_tag","embeddable":true,"href":"https:\/\/www.glossa.fi\/wp\/index.php?rest_route=%2Fwp%2Fv2%2Ftags&post=506"}],"curies":[{"name":"wp","href":"https:\/\/api.w.org\/{rel}","templated":true}]}}